{"id":21544,"date":"2025-06-25T19:52:52","date_gmt":"2025-06-25T22:52:52","guid":{"rendered":"https:\/\/www.santamargaridadosul.rs.gov.br\/?p=21544"},"modified":"2025-06-25T19:52:55","modified_gmt":"2025-06-25T22:52:55","slug":"decreto-executivo-no-055","status":"publish","type":"post","link":"https:\/\/www.santamargaridadosul.rs.gov.br\/index.php\/25\/06\/2025\/decreto-executivo-no-055\/","title":{"rendered":"Decreto Executivo n\u00ba 055"},"content":{"rendered":"\n<p>\ud83d\udcc4 Nesta ter\u00e7a-feira, 24 de junho de 2025, o prefeito Luiz Felipe Brenner Machado assinou, na presen\u00e7a da Defesa Civil Municipal, o Decreto Executivo n\u00ba 055, que declara situa\u00e7\u00e3o de emerg\u00eancia em Santa Margarida do Sul, devido aos danos causados pelas fortes chuvas dos\u00a0\u00faltimos\u00a0dias.<\/p>\n\n\n\n<div class=\"wp-block-columns is-layout-flex wp-container-core-columns-is-layout-9d6595d7 wp-block-columns-is-layout-flex\">\n<div class=\"wp-block-column is-layout-flow wp-block-column-is-layout-flow\" style=\"flex-basis:100%\">\n<figure class=\"wp-block-gallery has-nested-images columns-default is-cropped wp-block-gallery-1 is-layout-flex wp-block-gallery-is-layout-flex\">\n<figure class=\"wp-block-image size-large\"><img fetchpriority=\"high\" decoding=\"async\" width=\"466\" height=\"694\" data-id=\"21550\" src=\"https:\/\/www.santamargaridadosul.rs.gov.br\/wp-content\/uploads\/2025\/06\/decreto-executivo-n055-1-466x694.jpg\" alt=\"\" class=\"wp-image-21550\"\/><\/figure>\n\n\n\n<figure class=\"wp-block-image size-large\"><img decoding=\"async\" width=\"667\" height=\"500\" data-id=\"21551\" src=\"https:\/\/www.santamargaridadosul.rs.gov.br\/wp-content\/uploads\/2025\/06\/Foto2-2.jpg\" alt=\"\" class=\"wp-image-21551\"\/><\/figure>\n<\/figure>\n<\/div>\n<\/div>\n","protected":false},"excerpt":{"rendered":"<p>\ud83d\udcc4 Nesta ter\u00e7a-feira, 24 de junho de 2025, o prefeito Luiz Felipe Brenner Machado assinou, na presen\u00e7a da Defesa Civil Municipal, o Decreto Executivo n\u00ba 055, que declara situa\u00e7\u00e3o de emerg\u00eancia em Santa Margarida do Sul, devido aos danos causados pelas fortes chuvas dos\u00a0\u00faltimos\u00a0dias.<\/p>\n","protected":false},"author":7,"featured_media":21547,"comment_status":"closed","ping_status":"closed","sticky":false,"template":"","format":"standard","meta":{"_acf_changed":false,"om_disable_all_campaigns":false,"footnotes":""},"categories":[1],"tags":[],"class_list":["post-21544","post","type-post","status-publish","format-standard","has-post-thumbnail","hentry","category-sem-categoria"],"acf":[],"_links":{"self":[{"href":"https:\/\/www.santamargaridadosul.rs.gov.br\/index.php\/wp-json\/wp\/v2\/posts\/21544","targetHints":{"allow":["GET"]}}],"collection":[{"href":"https:\/\/www.santamargaridadosul.rs.gov.br\/index.php\/wp-json\/wp\/v2\/posts"}],"about":[{"href":"https:\/\/www.santamargaridadosul.rs.gov.br\/index.php\/wp-json\/wp\/v2\/types\/post"}],"author":[{"embeddable":true,"href":"https:\/\/www.santamargaridadosul.rs.gov.br\/index.php\/wp-json\/wp\/v2\/users\/7"}],"replies":[{"embeddable":true,"href":"https:\/\/www.santamargaridadosul.rs.gov.br\/index.php\/wp-json\/wp\/v2\/comments?post=21544"}],"version-history":[{"count":2,"href":"https:\/\/www.santamargaridadosul.rs.gov.br\/index.php\/wp-json\/wp\/v2\/posts\/21544\/revisions"}],"predecessor-version":[{"id":21553,"href":"https:\/\/www.santamargaridadosul.rs.gov.br\/index.php\/wp-json\/wp\/v2\/posts\/21544\/revisions\/21553"}],"wp:featuredmedia":[{"embeddable":true,"href":"https:\/\/www.santamargaridadosul.rs.gov.br\/index.php\/wp-json\/wp\/v2\/media\/21547"}],"wp:attachment":[{"href":"https:\/\/www.santamargaridadosul.rs.gov.br\/index.php\/wp-json\/wp\/v2\/media?parent=21544"}],"wp:term":[{"taxonomy":"category","embeddable":true,"href":"https:\/\/www.santamargaridadosul.rs.gov.br\/index.php\/wp-json\/wp\/v2\/categories?post=21544"},{"taxonomy":"post_tag","embeddable":true,"href":"https:\/\/www.santamargaridadosul.rs.gov.br\/index.php\/wp-json\/wp\/v2\/tags?post=21544"}],"curies":[{"name":"wp","href":"https:\/\/api.w.org\/{rel}","templated":true}]}}